{"id":332,"date":"2016-07-28T09:56:20","date_gmt":"2016-07-28T06:56:20","guid":{"rendered":"http:\/\/sagliklitoplum.org.tr\/?p=332"},"modified":"2017-06-14T13:01:46","modified_gmt":"2017-06-14T10:01:46","slug":"temmuzun-3-haftasi-turkiye-yasli-ve-hasta-bakimi-egitimleri","status":"publish","type":"post","link":"http:\/\/sagliklitoplum.org.tr\/en\/temmuzun-3-haftasi-turkiye-yasli-ve-hasta-bakimi-egitimleri-3\/","title":{"rendered":"Temmuzun 3. Haftas\u0131 T\u00fcrkiye Ya\u015fl\u0131 ve Hasta Bak\u0131m\u0131 E\u011fitimleri"},"content":{"rendered":"<div class=\"kopa-single-2\">\n<div id=\"post-111\" class=\"post-111 post type-post status-publish format-standard has-post-thumbnail hentry category-saglikli-toplum-haberleri entry-box clearfix\">\n<div class=\"elements-box\">\n<p>Temmuzun 3. haftas\u0131 T\u00fcrkiye ya\u015fl\u0131 ve hasta bak\u0131m\u0131 e\u011fitimleri i\u00e7in Bursa, \u00a0\u0130zmir, Antalya, Gaziantep, Samsun, Trabzon, \u00a0Bart\u0131n, \u00a0Ankara 28 eyl\u00fcl 2015 de ba\u015flayacak olan e\u011fitim i\u00e7in \u00f6n kay\u0131tlar al\u0131nacakt\u0131r. Kay\u0131tlar i\u00e7in ba\u015fvuru yerleri sayfam\u0131zdan duyuru yap\u0131lacakt\u0131r.<\/p>\n<\/div>\n<\/div>\n<\/div>\n","protected":false},"excerpt":{"rendered":"<p>Temmuzun 3. haftas\u0131 T\u00fcrkiye ya\u015fl\u0131 ve hasta bak\u0131m\u0131 e\u011fitimleri i\u00e7in Bursa, \u00a0\u0130zmir, Antalya, Gaziantep, Samsun, Trabzon, \u00a0Bart\u0131n, \u00a0Ankara 28 eyl\u00fcl 2015 de ba\u015flayacak olan e\u011fitim i\u00e7in \u00f6n kay\u0131tlar al\u0131nacakt\u0131r. Kay\u0131tlar i\u00e7in ba\u015fvuru yerleri sayfam\u0131zdan duyuru yap\u0131lacakt\u0131r.<\/p>\n","protected":false},"author":1,"featured_media":333,"comment_status":"closed","ping_status":"open","sticky":false,"template":"","format":"standard","meta":[],"categories":[1,21],"tags":[],"_links":{"self":[{"href":"http:\/\/sagliklitoplum.org.tr\/en\/wp-json\/wp\/v2\/posts\/332"}],"collection":[{"href":"http:\/\/sagliklitoplum.org.tr\/en\/wp-json\/wp\/v2\/posts"}],"about":[{"href":"http:\/\/sagliklitoplum.org.tr\/en\/wp-json\/wp\/v2\/types\/post"}],"author":[{"embeddable":true,"href":"http:\/\/sagliklitoplum.org.tr\/en\/wp-json\/wp\/v2\/users\/1"}],"replies":[{"embeddable":true,"href":"http:\/\/sagliklitoplum.org.tr\/en\/wp-json\/wp\/v2\/comments?post=332"}],"version-history":[{"count":3,"href":"http:\/\/sagliklitoplum.org.tr\/en\/wp-json\/wp\/v2\/posts\/332\/revisions"}],"predecessor-version":[{"id":646,"href":"http:\/\/sagliklitoplum.org.tr\/en\/wp-json\/wp\/v2\/posts\/332\/revisions\/646"}],"wp:featuredmedia":[{"embeddable":true,"href":"http:\/\/sagliklitoplum.org.tr\/en\/wp-json\/wp\/v2\/media\/333"}],"wp:attachment":[{"href":"http:\/\/sagliklitoplum.org.tr\/en\/wp-json\/wp\/v2\/media?parent=332"}],"wp:term":[{"taxonomy":"category","embeddable":true,"href":"http:\/\/sagliklitoplum.org.tr\/en\/wp-json\/wp\/v2\/categories?post=332"},{"taxonomy":"post_tag","embeddable":true,"href":"http:\/\/sagliklitoplum.org.tr\/en\/wp-json\/wp\/v2\/tags?post=332"}],"curies":[{"name":"wp","href":"https:\/\/api.w.org\/{rel}","templated":true}]}}