{"id":364,"date":"2015-11-07T10:56:18","date_gmt":"2015-11-07T08:56:18","guid":{"rendered":"http:\/\/sagliklitoplum.org.tr\/?p=364"},"modified":"2017-06-14T13:01:47","modified_gmt":"2017-06-14T10:01:47","slug":"7-8-kasim-2015-2017-ulusal-bakim-toplantisi-yapildi","status":"publish","type":"post","link":"http:\/\/sagliklitoplum.org.tr\/en\/7-8-kasim-2015-2017-ulusal-bakim-toplantisi-yapildi\/","title":{"rendered":"7-8 Kas\u0131m 2015, 2017 Ulusal Bak\u0131m Toplant\u0131s\u0131 Yap\u0131ld\u0131"},"content":{"rendered":"<div class=\"kopa-single-2\">\n<div id=\"post-441\" class=\"post-441 post type-post status-publish format-standard has-post-thumbnail hentry category-saglikli-toplum-haberleri entry-box clearfix\">\n<div class=\"elements-box\">\n<p>T\u00fcrkiye, Sa\u011fl\u0131kta; Sa\u011fl\u0131kl\u0131 Toplum Derne\u011fi Ba\u015fkanl\u0131\u011f\u0131nda ,Ulusal Bak\u0131m Reformunu hayata ge\u00e7iriyor.<\/p>\n<p>Toplant\u0131ya Aile ve Sosyal Politikalar Bakanl\u0131\u011f\u0131 \u0130stanbul Temsilcileri , Bayrampa\u015fa yerel y\u00f6netim temsilcisi, Alzheimer Derne\u011fi Eski Ba\u015fkan\u0131, Sa\u011fl\u0131kl\u0131 Toplum E\u011fitimcileri, Acil T\u0131p Uzmanlar Derne\u011fi Temsilcileri , Kas Hastal\u0131klar\u0131 Derne\u011fi Kurucu ve Ba\u015fkan\u0131, bir \u00e7ok g\u00f6n\u00fcll\u00fc gruplar\u0131n kat\u0131l\u0131m\u0131 ile uluslar aras\u0131 ya\u015fl\u0131 ve hasta bak\u0131m\u0131 T\u00fcrkiye uyumu Proje toplant\u0131s\u0131 ba\u015far\u0131 ile ger\u00e7ekle\u015ftirildi.<\/p>\n<p>7 Kas\u0131m 2015 ak\u015fam\u0131 FOX TV ana haberde yay\u0131nlanan toplant\u0131m\u0131z, Ulusal Sa\u011fl\u0131kta Bak\u0131m Reformunu ilan etti, Reform, T\u00fcrkiyede ilk defa Hasta Bak\u0131c\u0131 e\u011fitimlerinin ba\u015flat\u0131ld\u0131\u011f\u0131 tak\u0130p ve kontrol alt\u0131na al\u0131nacak olan, Bak\u0131m Sigortas\u0131 Kanun Yasa Tasar\u0131s\u0131 Teklifi ile t\u00fcm vatanda\u015flar\u0131n hastal\u0131k ve d\u00fc\u015fk\u00fcn halinin Avrupa Standartlar\u0131na g\u00f6re Bak\u0131m G\u00fcvencesi alt\u0131na al\u0131naca\u011f\u0131 Bak\u0131m sigortas\u0131, kapsam\u0131 ve i\u00e7erikleri, projenin program\u0131, uluslar aras\u0131 denklik ve kanun tasar\u0131lar\u0131 g\u00f6r\u00fc\u015f\u00fcld\u00fc, \u00e7al\u0131\u015fma gruplar\u0131 olu\u015fturuldu.<\/p>\n<p>Kas\u0131m 2016 y\u0131l\u0131nda yap\u0131lacak olan T\u00fcrkiye i\u00e7in SA\u011eLIKTA BAKIM REFORMU ve Uluslar aras\u0131 i\u00e7in ise ortak sorunlar\u0131n tart\u0131\u015f\u0131laca\u011f\u0131 bir d\u00fcnya konferans\u0131n\u0131n program\u0131 kabul edildi, D\u00fcnya yay\u0131n\u0131 i\u00e7in 15 Aral\u0131k 2015 da web sayfam\u0131zda ilan edilecektir.<\/p>\n<p><strong>Sa\u011fl\u0131kl\u0131 Toplum Derne\u011fi Y\u00f6netim Kurulu<\/strong><\/p>\n<\/div>\n<div class=\"clear\"><\/div>\n<footer class=\"clearfix\"><\/footer>\n<\/div>\n<\/div>\n<div class=\"tag-box\">\u00a0<img loading=\"lazy\" class=\"size-full wp-image-365 aligncenter\" src=\"http:\/\/sagliklitoplum.org.tr\/wp-content\/uploads\/2017\/03\/7-8-kasim-2015-2017-ulusal-bakim-toplantisi-yapildi-1.jpg\" alt=\"\" width=\"259\" height=\"194\" srcset=\"http:\/\/sagliklitoplum.org.tr\/wp-content\/uploads\/2017\/03\/7-8-kasim-2015-2017-ulusal-bakim-toplantisi-yapildi-1.jpg 259w, http:\/\/sagliklitoplum.org.tr\/wp-content\/uploads\/2017\/03\/7-8-kasim-2015-2017-ulusal-bakim-toplantisi-yapildi-1-80x60.jpg 80w\" sizes=\"(max-width: 259px) 100vw, 259px\" \/> <img loading=\"lazy\" class=\"size-medium wp-image-366 aligncenter\" src=\"http:\/\/sagliklitoplum.org.tr\/wp-content\/uploads\/2017\/03\/7-8-kasim-2015-2017-ulusal-bakim-toplantisi-yapildi-2.jpg\" alt=\"\" width=\"259\" height=\"194\" srcset=\"http:\/\/sagliklitoplum.org.tr\/wp-content\/uploads\/2017\/03\/7-8-kasim-2015-2017-ulusal-bakim-toplantisi-yapildi-2.jpg 259w, http:\/\/sagliklitoplum.org.tr\/wp-content\/uploads\/2017\/03\/7-8-kasim-2015-2017-ulusal-bakim-toplantisi-yapildi-2-80x60.jpg 80w\" sizes=\"(max-width: 259px) 100vw, 259px\" \/> <img loading=\"lazy\" class=\"size-medium wp-image-367 aligncenter\" src=\"http:\/\/sagliklitoplum.org.tr\/wp-content\/uploads\/2017\/03\/7-8-kasim-2015-2017-ulusal-bakim-toplantisi-yapildi-3.jpg\" alt=\"\" width=\"259\" height=\"194\" srcset=\"http:\/\/sagliklitoplum.org.tr\/wp-content\/uploads\/2017\/03\/7-8-kasim-2015-2017-ulusal-bakim-toplantisi-yapildi-3.jpg 259w, http:\/\/sagliklitoplum.org.tr\/wp-content\/uploads\/2017\/03\/7-8-kasim-2015-2017-ulusal-bakim-toplantisi-yapildi-3-80x60.jpg 80w\" sizes=\"(max-width: 259px) 100vw, 259px\" \/> <img loading=\"lazy\" class=\"size-medium wp-image-368 aligncenter\" src=\"http:\/\/sagliklitoplum.org.tr\/wp-content\/uploads\/2017\/03\/7-8-kasim-2015-2017-ulusal-bakim-toplantisi-yapildi-4.jpg\" alt=\"\" width=\"259\" height=\"194\" srcset=\"http:\/\/sagliklitoplum.org.tr\/wp-content\/uploads\/2017\/03\/7-8-kasim-2015-2017-ulusal-bakim-toplantisi-yapildi-4.jpg 259w, http:\/\/sagliklitoplum.org.tr\/wp-content\/uploads\/2017\/03\/7-8-kasim-2015-2017-ulusal-bakim-toplantisi-yapildi-4-80x60.jpg 80w\" sizes=\"(max-width: 259px) 100vw, 259px\" \/> <img loading=\"lazy\" class=\"size-medium wp-image-369 aligncenter\" src=\"http:\/\/sagliklitoplum.org.tr\/wp-content\/uploads\/2017\/03\/7-8-kasim-2015-2017-ulusal-bakim-toplantisi-yapildi-5.jpg\" alt=\"\" width=\"259\" height=\"194\" srcset=\"http:\/\/sagliklitoplum.org.tr\/wp-content\/uploads\/2017\/03\/7-8-kasim-2015-2017-ulusal-bakim-toplantisi-yapildi-5.jpg 259w, http:\/\/sagliklitoplum.org.tr\/wp-content\/uploads\/2017\/03\/7-8-kasim-2015-2017-ulusal-bakim-toplantisi-yapildi-5-80x60.jpg 80w\" sizes=\"(max-width: 259px) 100vw, 259px\" \/><\/div>\n<div id=\"respond\" class=\"comment-respond\"><\/div>\n","protected":false},"excerpt":{"rendered":"<p>T\u00fcrkiye, Sa\u011fl\u0131kta; Sa\u011fl\u0131kl\u0131 Toplum Derne\u011fi Ba\u015fkanl\u0131\u011f\u0131nda ,Ulusal Bak\u0131m Reformunu hayata ge\u00e7iriyor. Toplant\u0131ya Aile ve Sosyal Politikalar Bakanl\u0131\u011f\u0131 \u0130stanbul Temsilcileri , Bayrampa\u015fa yerel y\u00f6netim temsilcisi, Alzheimer Derne\u011fi Eski Ba\u015fkan\u0131, Sa\u011fl\u0131kl\u0131 Toplum E\u011fitimcileri, Acil T\u0131p Uzmanlar Derne\u011fi Temsilcileri , Kas Hastal\u0131klar\u0131 Derne\u011fi Kurucu ve Ba\u015fkan\u0131, bir \u00e7ok g\u00f6n\u00fcll\u00fc gruplar\u0131n kat\u0131l\u0131m\u0131 ile uluslar aras\u0131 ya\u015fl\u0131 ve hasta bak\u0131m\u0131 [&hellip;]<\/p>\n","protected":false},"author":1,"featured_media":368,"comment_status":"closed","ping_status":"open","sticky":false,"template":"","format":"standard","meta":[],"categories":[1,21],"tags":[],"_links":{"self":[{"href":"http:\/\/sagliklitoplum.org.tr\/en\/wp-json\/wp\/v2\/posts\/364"}],"collection":[{"href":"http:\/\/sagliklitoplum.org.tr\/en\/wp-json\/wp\/v2\/posts"}],"about":[{"href":"http:\/\/sagliklitoplum.org.tr\/en\/wp-json\/wp\/v2\/types\/post"}],"author":[{"embeddable":true,"href":"http:\/\/sagliklitoplum.org.tr\/en\/wp-json\/wp\/v2\/users\/1"}],"replies":[{"embeddable":true,"href":"http:\/\/sagliklitoplum.org.tr\/en\/wp-json\/wp\/v2\/comments?post=364"}],"version-history":[{"count":1,"href":"http:\/\/sagliklitoplum.org.tr\/en\/wp-json\/wp\/v2\/posts\/364\/revisions"}],"predecessor-version":[{"id":370,"href":"http:\/\/sagliklitoplum.org.tr\/en\/wp-json\/wp\/v2\/posts\/364\/revisions\/370"}],"wp:featuredmedia":[{"embeddable":true,"href":"http:\/\/sagliklitoplum.org.tr\/en\/wp-json\/wp\/v2\/media\/368"}],"wp:attachment":[{"href":"http:\/\/sagliklitoplum.org.tr\/en\/wp-json\/wp\/v2\/media?parent=364"}],"wp:term":[{"taxonomy":"category","embeddable":true,"href":"http:\/\/sagliklitoplum.org.tr\/en\/wp-json\/wp\/v2\/categories?post=364"},{"taxonomy":"post_tag","embeddable":true,"href":"http:\/\/sagliklitoplum.org.tr\/en\/wp-json\/wp\/v2\/tags?post=364"}],"curies":[{"name":"wp","href":"https:\/\/api.w.org\/{rel}","templated":true}]}}